{"id":1002452,"date":"2022-07-26T10:17:19","date_gmt":"2022-07-26T09:17:19","guid":{"rendered":"https:\/\/www.dralexisgranite.com\/?p=1002452"},"modified":"2025-09-04T11:45:26","modified_gmt":"2025-09-04T10:45:26","slug":"cose-il-melasma","status":"publish","type":"post","link":"https:\/\/www.dralexisgranite.com\/it\/journal\/what-is-melasma\/","title":{"rendered":"Che cos'\u00e8 il melasma?"},"content":{"rendered":"<div id=\"ez-toc-container\" class=\"ez-toc-v2_0_82_2 ez-toc-wrap-left counter-flat ez-toc-counter ez-toc-custom ez-toc-container-direction\">\n<div class=\"ez-toc-title-container\">\n<span class=\"ez-toc-title-toggle\"><\/span><\/div>\n<nav><ul class='ez-toc-list ez-toc-list-level-1' ><li class='ez-toc-page-1'><a class=\"ez-toc-link ez-toc-heading-1\" href=\"https:\/\/www.dralexisgranite.com\/it\/journal\/what-is-melasma\/#Who_is_prone_to_Melasma\" >Chi \u00e8 soggetto al melasma?<\/a><\/li><li class='ez-toc-page-1'><a class=\"ez-toc-link ez-toc-heading-2\" href=\"https:\/\/www.dralexisgranite.com\/it\/journal\/what-is-melasma\/#What_are_the_causes_of_Melasma\" >Quali sono le cause del melasma?<\/a><\/li><li class='ez-toc-page-1'><a class=\"ez-toc-link ez-toc-heading-3\" href=\"https:\/\/www.dralexisgranite.com\/it\/journal\/what-is-melasma\/#What_is_Melasma_and_how_should_you_protect_your_skin\" >Che cos'\u00e8 il melasma e come si deve proteggere la pelle?<\/a><\/li><\/ul><\/nav><\/div>\n<p>Che cos'\u00e8 il melasma? Il melasma \u00e8 una condizione comune caratterizzata da macchie marroni o grigio-blu sulla pelle. Il pi\u00f9 delle volte si trova sul viso, ma il melasma pu\u00f2 svilupparsi anche in altre zone, come le braccia e il collo. Si possono notare macchie simmetriche di colore marrone o grigio-blu, in particolare su zigomi, fronte, naso e labbro superiore.<\/p>\n<p>Il melasma deriva dalla sovrapproduzione di melanina, il pigmento naturale della pelle. Il melasma pu\u00f2 essere superficiale (epidermico), profondo (dermico) o una miscela di entrambi i tipi, a seconda della profondit\u00e0 dell'aumento di melanina nella pelle.<br \/>\nIl melasma epidermico tende a rispondere meglio al trattamento, mentre il melasma dermico profondo \u00e8 pi\u00f9 difficile da trattare.<\/p>\n<h2><span class=\"ez-toc-section\" id=\"Who_is_prone_to_Melasma\"><\/span>Chi \u00e8 soggetto al melasma?<span class=\"ez-toc-section-end\"><\/span><\/h2>\n<p>Tutti possono avere il melasma, ma \u00e8 pi\u00f9 comune nelle donne che negli uomini. Il melasma \u00e8 pi\u00f9 frequente in chi si abbronza facilmente o ha la pelle naturalmente pi\u00f9 scura. Il melasma tende a svilupparsi tra i 20 e i 40 anni.<\/p>\n<h2><span class=\"ez-toc-section\" id=\"What_are_the_causes_of_Melasma\"><\/span>Quali sono le cause del melasma?<span class=\"ez-toc-section-end\"><\/span><\/h2>\n<p>Sebbene non si conoscano ancora le cause esatte del melasma, sappiamo che sia la genetica che gli ormoni svolgono un ruolo importante in questa condizione.<br \/>\nIn uno studio, 60% delle persone affette da melasma hanno riferito che anche un membro della famiglia ne era affetto.<\/p>\n<p>La gravidanza, la pillola contraccettiva orale e altre terapie ormonali sono fattori scatenanti comuni del melasma. Fino a 50% di tutte le donne incinte sviluppano il melasma, motivo per cui la condizione \u00e8 spesso nota come \"maschera della gravidanza\".<\/p>\n<p>Diversi studi hanno dimostrato un'associazione tra il melasma e i disturbi della tiroide, in particolare l'ipotiroidismo e le malattie autoimmuni della tiroide.<\/p>\n<p>I saponi profumati, gli articoli da toilette e i cosmetici possono causare una reazione fototossica (indotta dalla luce) che scatena o aggrava il melasma.<br \/>\nAnche il calore \u00e8 un noto fattore scatenante. Vale la pena di evitare la sauna o il bagno turco e di utilizzare un'impostazione fredda dell'asciugacapelli per evitare il calore sul viso. Dopo l'attivit\u00e0 fisica, fate una doccia fresca piuttosto che un bagno caldo.<\/p>\n<p>Il fattore scatenante di gran lunga pi\u00f9 significativo del melasma \u00e8 l'esposizione ai raggi UV, sia dal sole che dai lettini abbronzanti.<\/p>\n<h2><span class=\"ez-toc-section\" id=\"What_is_Melasma_and_how_should_you_protect_your_skin\"><\/span>Che cos'\u00e8 il melasma e come si deve proteggere la pelle?<span class=\"ez-toc-section-end\"><\/span><\/h2>\n<p>Un regime di protezione solare efficace per tutto l'anno \u00e8 fondamentale per il trattamento del melasma.<\/p>\n<p>Armatevi di un SPF minerale ad ampio spettro e applicatelo abbondantemente almeno 15 minuti prima di uscire. Riapplicatelo ogni due ore, soprattutto dopo aver fatto sport o nuotato. Io tendo a scegliere<a href=\"https:\/\/eltamd.com\/products\/uv-clear-broad-spectrum-spf-46\" target=\"_blank\" rel=\"noopener\"> UV Clear SPF 46 di Elta MD<\/a> e <a href=\"https:\/\/www.kiehls.co.uk\/skin-care\/category\/sun-care\/ultra-light-daily-uv-defense-mineral-sunscreen\/KHL111.html\" target=\"_blank\" rel=\"noopener\">Kiehls Protezione solare minerale ultra leggera a difesa dei raggi UV<\/a>.<\/p>\n<p>Per me, un cappello a tesa larga \u00e8 d'obbligo per tenere lontani i raggi del sole dal viso, dalla linea dei capelli e dal collo. Mi piace <a href=\"https:\/\/lackofcolor.com.au\/\" target=\"_blank\" rel=\"noopener\">https:\/\/lackofcolor.com.au\/\u00a0<\/a><\/p>\n<h3>Trattamenti per il melasma<\/h3>\n<p>Il melasma pu\u00f2 far sentire in imbarazzo e si pu\u00f2 desiderare di nascondere la pelle sotto strati di trucco. Il melasma \u00e8 una condizione che pu\u00f2 essere controllata, non curata, e spesso una combinazione di trattamenti dar\u00e0 i risultati migliori e pi\u00f9 duraturi.<br \/>\nI prodotti da banco per la cura della pelle che contengono determinati ingredienti attivi possono essere un buon primo passo. Cercate prodotti che includano:<\/p>\n<ul>\n<li>Arbutina<\/li>\n<li><a href=\"https:\/\/www.healthline.com\/health\/azelaic-acid-acne\" target=\"_blank\" rel=\"noopener\">Acido azaleico<\/a><\/li>\n<li><a href=\"https:\/\/www.healthline.com\/health\/glutathione-benefits\" target=\"_blank\" rel=\"noopener\">Glutatione<\/a><\/li>\n<li><a href=\"https:\/\/www.healthline.com\/health\/kojic-acid\" target=\"_blank\" rel=\"noopener\">Acido kojico<\/a><\/li>\n<li><a href=\"https:\/\/www.glamourmagazine.co.uk\/gallery\/mandelic-acid-benefits\" target=\"_blank\" rel=\"noopener\">Acido mandelico<\/a><\/li>\n<li><a href=\"https:\/\/www.webmd.com\/vitamins\/ai\/ingredientmono-1534\/niacinamide#:~:text=Niacinamide%2C%20also%20called%20nicotinamide%2C%20is,and%20to%20maintain%20healthy%20cells.\" target=\"_blank\" rel=\"noopener\">Niacinamide<\/a><\/li>\n<li><a href=\"https:\/\/www.healthline.com\/health\/beauty-skin-care\/how-does-retinol-work\" target=\"_blank\" rel=\"noopener\">Retinolo<\/a><\/li>\n<li>Acido tranexamico<\/li>\n<li>Vitamina C<\/li>\n<\/ul>\n<p>Le creme a tripla combinazione con idrochinone, retinoide e steroide topico possono essere molto efficaci per il melasma, soprattutto quello epidermico.<\/p>\n<p>L'idrochinone \u00e8 stato oggetto di controversie, ma l'uso di questo pigmentatore \u00e8 abbastanza sicuro per un periodo massimo di diversi mesi. Le creme a tripla combinazione possono irritare la pelle, quindi iniziate lentamente e aumentate solo se consigliato dal vostro medico o dermatologo.<\/p>\n<p>Dermamelan \u00e8 un peeling chimico altamente efficace utilizzato in clinica per il trattamento del melasma. Contiene una miscela di ingredienti tra cui gli acidi azaleico e cogico. Questo trattamento richiede un certo periodo di inattivit\u00e0 e deve prevedere fino a due settimane di arrossamento e desquamazione. Il follow-up prevede l'applicazione per diversi mesi di una crema da applicare a casa. I risultati di Dermamelan nel trattamento del melasma sono notevoli ed \u00e8 sicuro per tutti i tipi di pelle.<\/p>\n<p>Un ciclo di microneedling su misura \u00e8 un trattamento efficace per il melasma, soprattutto quello epidermico. Gli aghi sottili vengono utilizzati per creare una microlesione nella pelle. Questo favorisce la naturale risposta di guarigione del corpo. In un trattamento personalizzato, gli aghi vengono regolati delicatamente in base all'area interessata.<\/p>\n<p><a href=\"https:\/\/www.dralexisgranite.com\/it\/trattamenti-estetici\/prp-plasma-ricco-di-piastrine\/\">Plasma ricco di piastrine (PRP)<\/a> \u00e8 una terapia efficace e naturale per il ringiovanimento della pelle che sfrutta il potere del proprio plasma sanguigno per stimolare i fattori di crescita all'interno della pelle responsabili della guarigione e della produzione di collagene ed elastina. Gli studi hanno dimostrato che ha buoni risultati nella riduzione del melasma.<\/p>\n<p>Iniettabile <a href=\"https:\/\/www.dralexisgranite.com\/it\/trattamenti-estetici\/txa-per-il-melasma\/\">acido tranexamico<\/a> (TXA) \u00e8 un'opzione sicura ed efficace per il melasma.<a href=\"https:\/\/www.dralexisgranite.com\/it\/trattamenti-estetici\/txa-per-il-melasma\/\"> Acido tranexamico<\/a> viene iniettato localmente nelle aree interessate, schiarendo gradualmente le discromie e uniformando il tono della pelle. \u00c8 adatto a tutti i tipi di pelle e pu\u00f2 essere combinato con altri trattamenti per amplificare i risultati. <a href=\"https:\/\/www.dralexisgranite.com\/it\/trattamenti-estetici\/txa-per-il-melasma\/\">TXA<\/a> pu\u00f2 anche essere assunto per via orale per periodi limitati per migliorare il melasma.<\/p>\n<p>I laser devono essere utilizzati con estrema cautela nel trattamento del melasma. <a href=\"https:\/\/www.dralexisgranite.com\/it\/trattamenti-estetici\/luce-pulsata-intensa\/\">Luce a impulsi intensi<\/a> (IPL) e Fraxel possono addirittura causare un aumento della pigmentazione a lungo termine. Il laser Pico \u00e8 un'opzione pi\u00f9 sicura, in quanto utilizza una bassa energia e riduce al minimo il calore, ma anche in questo caso \u00e8 necessario un rigoroso regime di trattamento topico per prevenire le recidive o le riacutizzazioni.<\/p>\n<p>Se il melasma influisce sul vostro stato d'animo, consultate un dermatologo per sviluppare un piano di trattamento specifico per le vostre esigenze.<\/p>","protected":false},"excerpt":{"rendered":"<p>Con il clima pi\u00f9 caldo e soleggiato, \u00e8 ancora pi\u00f9 importante proteggere la nostra pelle. Nella rivista di questo mese parlo del melasma, una condizione comune e spesso frustrante che pu\u00f2 manifestarsi nei mesi estivi.<\/p>","protected":false},"author":1,"featured_media":1002456,"comment_status":"closed","ping_status":"closed","sticky":false,"template":"","format":"standard","meta":{"_acf_changed":false,"_relevanssi_hide_post":"","_relevanssi_pin_for_all":"","_relevanssi_pin_keywords":"","_relevanssi_unpin_keywords":"","_relevanssi_related_keywords":"","_relevanssi_related_include_ids":"","_relevanssi_related_exclude_ids":"","_relevanssi_related_no_append":"","_relevanssi_related_not_related":"","_relevanssi_related_posts":"","_relevanssi_noindex_reason":"","footnotes":"","_links_to":"","_links_to_target":""},"categories":[13],"tags":[],"class_list":{"0":"post-1002452","1":"post","2":"type-post","3":"status-publish","4":"format-standard","5":"has-post-thumbnail","7":"category-journal"},"acf":[],"_links":{"self":[{"href":"https:\/\/www.dralexisgranite.com\/it\/wp-json\/wp\/v2\/posts\/1002452","targetHints":{"allow":["GET"]}}],"collection":[{"href":"https:\/\/www.dralexisgranite.com\/it\/wp-json\/wp\/v2\/posts"}],"about":[{"href":"https:\/\/www.dralexisgranite.com\/it\/wp-json\/wp\/v2\/types\/post"}],"author":[{"embeddable":true,"href":"https:\/\/www.dralexisgranite.com\/it\/wp-json\/wp\/v2\/users\/1"}],"replies":[{"embeddable":true,"href":"https:\/\/www.dralexisgranite.com\/it\/wp-json\/wp\/v2\/comments?post=1002452"}],"version-history":[{"count":0,"href":"https:\/\/www.dralexisgranite.com\/it\/wp-json\/wp\/v2\/posts\/1002452\/revisions"}],"wp:featuredmedia":[{"embeddable":true,"href":"https:\/\/www.dralexisgranite.com\/it\/wp-json\/wp\/v2\/media\/1002456"}],"wp:attachment":[{"href":"https:\/\/www.dralexisgranite.com\/it\/wp-json\/wp\/v2\/media?parent=1002452"}],"wp:term":[{"taxonomy":"category","embeddable":true,"href":"https:\/\/www.dralexisgranite.com\/it\/wp-json\/wp\/v2\/categories?post=1002452"},{"taxonomy":"post_tag","embeddable":true,"href":"https:\/\/www.dralexisgranite.com\/it\/wp-json\/wp\/v2\/tags?post=1002452"}],"curies":[{"name":"wp","href":"https:\/\/api.w.org\/{rel}","templated":true}]}}