{"id":1001671,"date":"2022-02-23T12:37:14","date_gmt":"2022-02-23T12:37:14","guid":{"rendered":"https:\/\/www.dralexisgranite.com\/?p=1001671"},"modified":"2023-11-03T16:28:15","modified_gmt":"2023-11-03T16:28:15","slug":"perte-de-cheveux","status":"publish","type":"post","link":"https:\/\/www.dralexisgranite.com\/fr\/journal\/hair-loss\/","title":{"rendered":"Perte de cheveux"},"content":{"rendered":"<div id=\"ez-toc-container\" class=\"ez-toc-v2_0_82_2 ez-toc-wrap-left counter-flat ez-toc-counter ez-toc-custom ez-toc-container-direction\">\n<div class=\"ez-toc-title-container\">\n<span class=\"ez-toc-title-toggle\"><\/span><\/div>\n<nav><ul class='ez-toc-list ez-toc-list-level-1' ><li class='ez-toc-page-1'><a class=\"ez-toc-link ez-toc-heading-1\" href=\"https:\/\/www.dralexisgranite.com\/fr\/journal\/hair-loss\/#How_can_a_medical_dermatologist_help_treat_hair_loss\" >Comment un dermatologue m\u00e9dical peut-il aider \u00e0 traiter la perte de cheveux ?<\/a><\/li><li class='ez-toc-page-1'><a class=\"ez-toc-link ez-toc-heading-2\" href=\"https:\/\/www.dralexisgranite.com\/fr\/journal\/hair-loss\/#What_treatment_options_are_available_for_hair_loss\" >Quelles sont les options de traitement disponibles pour la perte de cheveux ?<\/a><\/li><\/ul><\/nav><\/div>\n<p>Dans le num\u00e9ro de ce mois-ci <a href=\"https:\/\/www.dralexisgranite.com\/fr\/journal\/\">journal<\/a> Je parle d'un probl\u00e8me qui touche beaucoup d'entre nous \u00e0 un moment ou \u00e0 un autre de notre vie, la chute des cheveux, et de la fa\u00e7on dont une visite chez un dermatologue m\u00e9dical peut \u00eatre une premi\u00e8re \u00e9tape pour comprendre et traiter le probl\u00e8me.<\/p>\n<p>La perte de cheveux peut \u00eatre une situation embarrassante et d\u00e9rangeante qui affecte la confiance en soi et la sant\u00e9 mentale.  Un diagnostic pr\u00e9cis des causes de votre chute de cheveux est essentiel pour \u00e9laborer le meilleur plan de traitement.<\/p>\n<p>La plupart d'entre nous perdent normalement 50 \u00e0 100 cheveux par jour. Cette perte de cheveux n'entra\u00eene g\u00e9n\u00e9ralement pas un amincissement de la chevelure car, dans le m\u00eame temps, de nouveaux cheveux poussent. Toutefois, une perte de cheveux soudaine doit \u00eatre prise au s\u00e9rieux.<\/p>\n<p>L'\u00e9tat de nos cheveux \u00e9volue au fur et \u00e0 mesure que nous traversons les grandes \u00e9tapes de la vie et que nous vieillissons.  Si vous avez des ant\u00e9c\u00e9dents familiaux de perte de cheveux ou de calvitie, vous \u00eates plus susceptible de conna\u00eetre ces probl\u00e8mes, car la g\u00e9n\u00e9tique joue un r\u00f4le important. La perte de cheveux peut \u00eatre due \u00e0 des changements hormonaux, par exemple pendant la grossesse et la m\u00e9nopause. Le stress peut \u00e9galement jouer un r\u00f4le dans la chute des cheveux, tout comme les probl\u00e8mes de thyro\u00efde.<\/p>\n<p>Des conditions m\u00e9dicales ont \u00e9t\u00e9 associ\u00e9es \u00e0 certains types de perte de cheveux.  L'alop\u00e9cie areata est souvent associ\u00e9e \u00e0 une maladie auto-immune. Le diab\u00e8te et le lupus sont deux maladies auto-immunes qui peuvent entra\u00eener une perte de cheveux.<\/p>\n<p>Les infections peuvent avoir un impact sur la sant\u00e9 de vos cheveux. La teigne, une infection fongique courante, peut provoquer une desquamation du cuir chevelu et une chute des cheveux, g\u00e9n\u00e9ralement par plaques. Cette infection fongique se traite facilement \u00e0 l'aide d'un m\u00e9dicament antifongique, qui stoppe la chute des cheveux.<\/p>\n<p>La perte de cheveux peut \u00eatre un effet secondaire de la prise de m\u00e9dicaments pour des affections telles que la d\u00e9pression, les maladies cardiaques et l'hypertension art\u00e9rielle.<a href=\"https:\/\/www.everydayhealth.com\/news\/need-know-side-effect-blood-thinners\/\" target=\"_blank\" rel=\"noopener\">Anticoagulants<\/a>,<a href=\"https:\/\/www.everydayhealth.com\/drugs\/vitamin-a-oral-injection\" target=\"_blank\" rel=\"noopener\">vitamine A<\/a>des compl\u00e9ments alimentaires, certains m\u00e9dicaments contre l'arthrite,\u00a0<a href=\"https:\/\/www.everydayhealth.com\/antidepressants\/guide\/\" target=\"_blank\" rel=\"noopener\">&lt;antid\u00e9presseurs<\/a>,\u00a0<a href=\"https:\/\/www.everydayhealth.com\/gout\/treatment-prevention\/\" target=\"_blank\" rel=\"noopener\">m\u00e9dicament contre la goutte<\/a>les m\u00e9dicaments pour certains probl\u00e8mes cardiaques, les m\u00e9dicaments pour la tension art\u00e9rielle et les m\u00e9dicaments pour les maladies cardiovasculaires.\u00a0<a href=\"https:\/\/www.everydayhealth.com\/sexual-health\/birth-control\/\" target=\"_blank\" rel=\"noopener\">pilules contraceptives<\/a> peuvent tous \u00eatre \u00e0 l'origine d'une perte de cheveux. Il est important de parler \u00e0 votre m\u00e9decin de vos inqui\u00e9tudes.<\/p>\n<h2><span class=\"ez-toc-section\" id=\"How_can_a_medical_dermatologist_help_treat_hair_loss\"><\/span>Comment un dermatologue m\u00e9dical peut-il aider \u00e0 traiter la perte de cheveux ?<span class=\"ez-toc-section-end\"><\/span><\/h2>\n<p>Lorsqu'un client vient me voir pour me faire part de ses inqui\u00e9tudes concernant la perte de ses cheveux, j'aime avoir une conversation d\u00e9taill\u00e9e sur son \u00e9tat de sant\u00e9 g\u00e9n\u00e9ral, ses m\u00e9dicaments actuels ou r\u00e9cents et ses \u00e9ventuels ant\u00e9c\u00e9dents familiaux en mati\u00e8re de perte de cheveux.<\/p>\n<p>La sant\u00e9 des ongles et du cuir chevelu peut fournir des indices pour le diagnostic. Le mode de chute des cheveux peut \u00e9galement \u00eatre r\u00e9v\u00e9lateur.  Dans certains cas, je demanderai des analyses de sang ou une biopsie du cuir chevelu.  Ces examens permettent de v\u00e9rifier la pr\u00e9sence d'affections m\u00e9dicales susceptibles de provoquer la chute des cheveux.<\/p>\n<h2><span class=\"ez-toc-section\" id=\"What_treatment_options_are_available_for_hair_loss\"><\/span>Quelles sont les options de traitement disponibles pour la perte de cheveux ?<span class=\"ez-toc-section-end\"><\/span><\/h2>\n<p>Il existe toute une s\u00e9rie de traitements qui peuvent soit aider les cheveux \u00e0 repousser plus rapidement, soit ralentir la chute des cheveux.<\/p>\n<p>Ces traitements peuvent inclure des injections de corticost\u00e9ro\u00efdes, une th\u00e9rapie au laser et une th\u00e9rapie au plasma riche en plaquettes.<\/p>\n<p><a href=\"https:\/\/www.dralexisgranite.com\/fr\/traitements-esthetiques\/?tog=prp-platelet-rich-plasma#prp-platelet-rich-plasma\">Plasma riche en plaquettes (PRP)<\/a> est une th\u00e9rapie efficace et naturelle de rajeunissement de la peau qui exploite la puissance de votre propre plasma sanguin pour stimuler les facteurs de croissance de la peau responsables de la cicatrisation et de la production de collag\u00e8ne et d'\u00e9lastine.<\/p>\n<p>Les changements de mode de vie peuvent \u00e9galement pr\u00e9venir la chute des cheveux. Lorsque votre alimentation ne vous apporte pas le bon \u00e9quilibre entre les vitamines, les min\u00e9raux et les autres nutriments dont votre corps a besoin, cela peut entra\u00eener une perte de cheveux. Par exemple, une alimentation trop pauvre en prot\u00e9ines peut endommager les cheveux sains et inhiber la capacit\u00e9 de l'organisme \u00e0 construire de nouveaux follicules pileux. Les r\u00e9gimes amaigrissants tr\u00e8s stricts peuvent \u00e9galement entra\u00eener une perte de cheveux notable.<\/p>\n<p>Je suis une fervente partisane d'un apport suffisant en vitamine D tout au long de l'ann\u00e9e. La vitamine D est le plus souvent associ\u00e9e \u00e0 l'humeur, \u00e0 la sant\u00e9 des os et au syst\u00e8me immunitaire, mais elle joue \u00e9galement un r\u00f4le crucial dans la sant\u00e9 des cheveux. La vitamine D est produite par notre corps sous l'effet de la lumi\u00e8re UV directe sur notre peau. Pendant les mois les plus froids de l'hiver, beaucoup d'entre nous ont du mal \u00e0 produire suffisamment de vitamine D. Les aliments enrichis et les compl\u00e9ments alimentaires peuvent aider \u00e0 y rem\u00e9dier.<\/p>\n<p>La vitamine D est m\u00e9tabolis\u00e9e par les k\u00e9ratinocytes, les cellules de la peau qui produisent la k\u00e9ratine, la prot\u00e9ine des cheveux, de la peau et des ongles. Si l'organisme ne dispose pas d'une quantit\u00e9 suffisante de vitamine D, les k\u00e9ratinocytes des follicules pileux peinent \u00e0 soutenir le cycle naturel de croissance des cheveux, ce qui entra\u00eene la chute et la perte des cheveux. La vitamine D stimule \u00e9galement les follicules pileux nouveaux et anciens, de sorte qu'une carence en vitamine D peut se traduire par une diminution de la croissance des nouveaux cheveux.<\/p>\n<p>Si vous pensez qu'une carence en vitamine D pourrait \u00eatre \u00e0 l'origine de votre chute de cheveux, la premi\u00e8re \u00e9tape consiste \u00e0 confirmer vos soup\u00e7ons aupr\u00e8s d'un professionnel de la sant\u00e9, qui pourra v\u00e9rifier vos taux et voir si d'autres facteurs sont en jeu. Si vous souffrez d'une carence en vitamine D, il peut \u00eatre utile de revoir votre r\u00e9gime alimentaire pour vous assurer qu'il est \u00e9quilibr\u00e9 et qu'il contient des aliments riches en vitamines.<\/p>\n<p>Toutes les formes de perte de cheveux ne sont pas dues \u00e0 la perte d'une m\u00e8che enti\u00e8re. Certaines formes peuvent r\u00e9sulter d'un endommagement des cheveux qui provoque la cassure des m\u00e8ches. Certains appareils de coiffure qui utilisent une chaleur \u00e9lev\u00e9e pour se coiffer peuvent endommager les cheveux et les casser, ce qui peut ressembler \u00e0 une calvitie.<\/p>\n<p>Les appareils endommag\u00e9s qui provoquent une chute soudaine des cheveux sont les s\u00e8che-cheveux, les fers plats, les fers \u00e0 friser et autres appareils qui appliquent de la chaleur sur les cheveux. Ces appareils chauds causent le plus de d\u00e9g\u00e2ts \u00e0 vos cheveux lorsque vous les utilisez sur des cheveux mouill\u00e9s, car ils peuvent faire \"bouillir\" l'eau contenue dans la tige du cheveu, rendant celui-ci cassant.<\/p>\n<p>N'ignorez pas vos probl\u00e8mes de perte de cheveux s'ils affectent l'image que vous avez de vous-m\u00eame ou si vous \u00eates pr\u00e9occup\u00e9 par leur cause.<\/p>\n<p>Consultez un dermatologue pour \u00e9laborer un plan de traitement adapt\u00e9 \u00e0 vos besoins.<\/p>","protected":false},"excerpt":{"rendered":"<p>Dans le journal de ce mois-ci, j'aborde un probl\u00e8me qui touche beaucoup d'entre nous \u00e0 un moment ou \u00e0 un autre de notre vie : la chute des cheveux. Une visite chez le dermatologue peut \u00eatre un premier pas vers la compr\u00e9hension et le traitement du probl\u00e8me.<\/p>","protected":false},"author":1,"featured_media":1001673,"comment_status":"closed","ping_status":"closed","sticky":false,"template":"","format":"standard","meta":{"_acf_changed":false,"_relevanssi_hide_post":"","_relevanssi_pin_for_all":"","_relevanssi_pin_keywords":"","_relevanssi_unpin_keywords":"","_relevanssi_related_keywords":"","_relevanssi_related_include_ids":"","_relevanssi_related_exclude_ids":"","_relevanssi_related_no_append":"","_relevanssi_related_not_related":"","_relevanssi_related_posts":"","_relevanssi_noindex_reason":"","footnotes":"","_links_to":"","_links_to_target":""},"categories":[13],"tags":[],"class_list":{"0":"post-1001671","1":"post","2":"type-post","3":"status-publish","4":"format-standard","5":"has-post-thumbnail","7":"category-journal"},"acf":[],"_links":{"self":[{"href":"https:\/\/www.dralexisgranite.com\/fr\/wp-json\/wp\/v2\/posts\/1001671","targetHints":{"allow":["GET"]}}],"collection":[{"href":"https:\/\/www.dralexisgranite.com\/fr\/wp-json\/wp\/v2\/posts"}],"about":[{"href":"https:\/\/www.dralexisgranite.com\/fr\/wp-json\/wp\/v2\/types\/post"}],"author":[{"embeddable":true,"href":"https:\/\/www.dralexisgranite.com\/fr\/wp-json\/wp\/v2\/users\/1"}],"replies":[{"embeddable":true,"href":"https:\/\/www.dralexisgranite.com\/fr\/wp-json\/wp\/v2\/comments?post=1001671"}],"version-history":[{"count":0,"href":"https:\/\/www.dralexisgranite.com\/fr\/wp-json\/wp\/v2\/posts\/1001671\/revisions"}],"wp:featuredmedia":[{"embeddable":true,"href":"https:\/\/www.dralexisgranite.com\/fr\/wp-json\/wp\/v2\/media\/1001673"}],"wp:attachment":[{"href":"https:\/\/www.dralexisgranite.com\/fr\/wp-json\/wp\/v2\/media?parent=1001671"}],"wp:term":[{"taxonomy":"category","embeddable":true,"href":"https:\/\/www.dralexisgranite.com\/fr\/wp-json\/wp\/v2\/categories?post=1001671"},{"taxonomy":"post_tag","embeddable":true,"href":"https:\/\/www.dralexisgranite.com\/fr\/wp-json\/wp\/v2\/tags?post=1001671"}],"curies":[{"name":"wp","href":"https:\/\/api.w.org\/{rel}","templated":true}]}}